{"id":2200,"date":"2025-03-25T12:04:48","date_gmt":"2025-03-25T11:04:48","guid":{"rendered":"https:\/\/ars-musica.ovh\/?p=2200"},"modified":"2025-04-02T10:07:02","modified_gmt":"2025-04-02T08:07:02","slug":"avant-premiere-a-messein","status":"publish","type":"post","link":"https:\/\/ars-musica.ovh\/index.php\/2025\/03\/25\/avant-premiere-a-messein\/","title":{"rendered":"Week-end au bord de l\u2019eau\u2026"},"content":{"rendered":"\n<figure class=\"wp-block-image size-large\"><img loading=\"lazy\" decoding=\"async\" width=\"1024\" height=\"461\" src=\"https:\/\/ars-musica.ovh\/wp-content\/uploads\/2025\/03\/IMG-20250324-WA0000-1024x461.jpg\" alt=\"\" class=\"wp-image-2201\" srcset=\"https:\/\/ars-musica.ovh\/wp-content\/uploads\/2025\/03\/IMG-20250324-WA0000-1024x461.jpg 1024w, https:\/\/ars-musica.ovh\/wp-content\/uploads\/2025\/03\/IMG-20250324-WA0000-300x135.jpg 300w, https:\/\/ars-musica.ovh\/wp-content\/uploads\/2025\/03\/IMG-20250324-WA0000-768x346.jpg 768w, https:\/\/ars-musica.ovh\/wp-content\/uploads\/2025\/03\/IMG-20250324-WA0000-1536x692.jpg 1536w, https:\/\/ars-musica.ovh\/wp-content\/uploads\/2025\/03\/IMG-20250324-WA0000.jpg 2016w\" sizes=\"auto, (max-width: 1024px) 100vw, 1024px\" \/><\/figure>\n\n\n\n<p>Dans la perspective de son prochain concert annuel, l\u2019Ensemble Vocal Ars Musica s\u2019est donn\u00e9 rendez-vous les 22 et 23 mars pour un week-end de travail \u00e0 Messein, \u00e0 la Salle du Plan d\u2019eau de la base nautique, aimablement mise \u00e0 sa disposition par la Municipalit\u00e9.<\/p>\n\n\n\n<p>Pour remercier ses h\u00f4tes, l\u2019EVAM a propos\u00e9 le samedi en fin de journ\u00e9e, un petit concert \u00e0 l\u2019\u00e9glise r\u00e9cemment r\u00e9nov\u00e9e devant une cinquantaine d\u2019auditeurs qui ont pu b\u00e9n\u00e9ficier de ce petit \u00ab galop d\u2019essai \u00bb compos\u00e9 d\u2019extraits du futur programme intitul\u00e9 \u00ab \u00c9tats d\u2019\u00e2me \u00bb.<\/p>\n\n\n\n<p>Une premi\u00e8re sortie publique apparemment appr\u00e9ci\u00e9e puisque le maire de Messein, Daniel Lagrange, n\u2019a pas cach\u00e9 sa satisfaction en r\u00e9invitant l\u2019Ensemble Vocal \u00e0 renouveler ce week-end au bord de l\u2019eau !<\/p>\n\n\n\n<figure class=\"wp-block-image size-full\"><img loading=\"lazy\" decoding=\"async\" width=\"940\" height=\"410\" src=\"https:\/\/ars-musica.ovh\/wp-content\/uploads\/2025\/03\/cropped-20250322_120709-Copie.jpg\" alt=\"\" class=\"wp-image-2199\" srcset=\"https:\/\/ars-musica.ovh\/wp-content\/uploads\/2025\/03\/cropped-20250322_120709-Copie.jpg 940w, https:\/\/ars-musica.ovh\/wp-content\/uploads\/2025\/03\/cropped-20250322_120709-Copie-300x131.jpg 300w, https:\/\/ars-musica.ovh\/wp-content\/uploads\/2025\/03\/cropped-20250322_120709-Copie-768x335.jpg 768w\" sizes=\"auto, (max-width: 940px) 100vw, 940px\" \/><\/figure>\n","protected":false},"excerpt":{"rendered":"<p>Dans la perspective de son prochain concert annuel, l\u2019Ensemble Vocal Ars Musica s\u2019est donn\u00e9 rendez-vous les 22 et 23 mars pour un week-end de travail \u00e0 Messein, \u00e0 la Salle du Plan d\u2019eau de la base nautique, aimablement mise \u00e0 &hellip; <a href=\"https:\/\/ars-musica.ovh\/index.php\/2025\/03\/25\/avant-premiere-a-messein\/\">Continuer la lecture <span class=\"meta-nav\">&rarr;<\/span><\/a><\/p>\n","protected":false},"author":1,"featured_media":0,"comment_status":"closed","ping_status":"open","sticky":false,"template":"","format":"standard","meta":{"footnotes":""},"categories":[1],"tags":[],"class_list":["post-2200","post","type-post","status-publish","format-standard","hentry","category-non-classe"],"_links":{"self":[{"href":"https:\/\/ars-musica.ovh\/index.php\/wp-json\/wp\/v2\/posts\/2200","targetHints":{"allow":["GET"]}}],"collection":[{"href":"https:\/\/ars-musica.ovh\/index.php\/wp-json\/wp\/v2\/posts"}],"about":[{"href":"https:\/\/ars-musica.ovh\/index.php\/wp-json\/wp\/v2\/types\/post"}],"author":[{"embeddable":true,"href":"https:\/\/ars-musica.ovh\/index.php\/wp-json\/wp\/v2\/users\/1"}],"replies":[{"embeddable":true,"href":"https:\/\/ars-musica.ovh\/index.php\/wp-json\/wp\/v2\/comments?post=2200"}],"version-history":[{"count":7,"href":"https:\/\/ars-musica.ovh\/index.php\/wp-json\/wp\/v2\/posts\/2200\/revisions"}],"predecessor-version":[{"id":2220,"href":"https:\/\/ars-musica.ovh\/index.php\/wp-json\/wp\/v2\/posts\/2200\/revisions\/2220"}],"wp:attachment":[{"href":"https:\/\/ars-musica.ovh\/index.php\/wp-json\/wp\/v2\/media?parent=2200"}],"wp:term":[{"taxonomy":"category","embeddable":true,"href":"https:\/\/ars-musica.ovh\/index.php\/wp-json\/wp\/v2\/categories?post=2200"},{"taxonomy":"post_tag","embeddable":true,"href":"https:\/\/ars-musica.ovh\/index.php\/wp-json\/wp\/v2\/tags?post=2200"}],"curies":[{"name":"wp","href":"https:\/\/api.w.org\/{rel}","templated":true}]}}