{"id":2233,"date":"2025-04-07T10:34:36","date_gmt":"2025-04-07T08:34:36","guid":{"rendered":"https:\/\/ars-musica.ovh\/?p=2233"},"modified":"2025-05-06T10:47:57","modified_gmt":"2025-05-06T08:47:57","slug":"ars-musica-sur-rcf-lorraine-nancy-93-7","status":"publish","type":"post","link":"https:\/\/ars-musica.ovh\/index.php\/2025\/04\/07\/ars-musica-sur-rcf-lorraine-nancy-93-7\/","title":{"rendered":"Ars Musica sur RCF Lorraine-Nancy 93.7"},"content":{"rendered":"\n<p><strong>M<\/strong>ardi 15 avril, dans l\u2019\u00e9mission \u00ab Lorraine, terre de ch\u0153urs \u00bb anim\u00e9e par Madeleine Griffaton, Pierre Chevrier, apr\u00e8s une rapide pr\u00e9sentation d\u2019Ars Musica, a pu aborder le contexte et proposer des \u00e9l\u00e9ments d\u2019analyse des principales pi\u00e8ces de notre concert <strong>\u00ab <a href=\"https:\/\/ars-musica.ovh\/index.php\/2025\/03\/24\/etats-dame\/\" data-type=\"post\" data-id=\"2171\">\u00c9tats d\u2019\u00e2me&#8230;<\/a> \u00bb<\/strong> qui a \u00e9t\u00e9 donn\u00e9 le mercredi 30 avril au Temple Saint-Jean de Nancy.<br>Retrouvez le podcast de l\u2019\u00e9mission <strong><a href=\"https:\/\/audio.audiomeans.fr\/file\/JCFowtAPAc\/be6bfc21-a64d-4ffd-94a1-df4b494cdb31.mp3?_=1744705198\">ici<\/a><\/strong><\/p>\n\n\n\n<p><\/p>\n","protected":false},"excerpt":{"rendered":"<p>Mardi 15 avril, dans l\u2019\u00e9mission \u00ab Lorraine, terre de ch\u0153urs \u00bb anim\u00e9e par Madeleine Griffaton, Pierre Chevrier, apr\u00e8s une rapide pr\u00e9sentation d\u2019Ars Musica, a pu aborder le contexte et proposer des \u00e9l\u00e9ments d\u2019analyse des principales pi\u00e8ces de notre concert \u00ab &hellip; <a href=\"https:\/\/ars-musica.ovh\/index.php\/2025\/04\/07\/ars-musica-sur-rcf-lorraine-nancy-93-7\/\">Continuer la lecture <span class=\"meta-nav\">&rarr;<\/span><\/a><\/p>\n","protected":false},"author":1,"featured_media":0,"comment_status":"closed","ping_status":"closed","sticky":false,"template":"","format":"standard","meta":{"footnotes":""},"categories":[1],"tags":[],"class_list":["post-2233","post","type-post","status-publish","format-standard","hentry","category-non-classe"],"_links":{"self":[{"href":"https:\/\/ars-musica.ovh\/index.php\/wp-json\/wp\/v2\/posts\/2233","targetHints":{"allow":["GET"]}}],"collection":[{"href":"https:\/\/ars-musica.ovh\/index.php\/wp-json\/wp\/v2\/posts"}],"about":[{"href":"https:\/\/ars-musica.ovh\/index.php\/wp-json\/wp\/v2\/types\/post"}],"author":[{"embeddable":true,"href":"https:\/\/ars-musica.ovh\/index.php\/wp-json\/wp\/v2\/users\/1"}],"replies":[{"embeddable":true,"href":"https:\/\/ars-musica.ovh\/index.php\/wp-json\/wp\/v2\/comments?post=2233"}],"version-history":[{"count":14,"href":"https:\/\/ars-musica.ovh\/index.php\/wp-json\/wp\/v2\/posts\/2233\/revisions"}],"predecessor-version":[{"id":2259,"href":"https:\/\/ars-musica.ovh\/index.php\/wp-json\/wp\/v2\/posts\/2233\/revisions\/2259"}],"wp:attachment":[{"href":"https:\/\/ars-musica.ovh\/index.php\/wp-json\/wp\/v2\/media?parent=2233"}],"wp:term":[{"taxonomy":"category","embeddable":true,"href":"https:\/\/ars-musica.ovh\/index.php\/wp-json\/wp\/v2\/categories?post=2233"},{"taxonomy":"post_tag","embeddable":true,"href":"https:\/\/ars-musica.ovh\/index.php\/wp-json\/wp\/v2\/tags?post=2233"}],"curies":[{"name":"wp","href":"https:\/\/api.w.org\/{rel}","templated":true}]}}