{"id":2267,"date":"2025-10-28T11:20:33","date_gmt":"2025-10-28T10:20:33","guid":{"rendered":"https:\/\/ars-musica.ovh\/?p=2267"},"modified":"2025-10-29T16:31:22","modified_gmt":"2025-10-29T15:31:22","slug":"2025-2026-une-saison-surprise","status":"publish","type":"post","link":"https:\/\/ars-musica.ovh\/index.php\/2025\/10\/28\/2025-2026-une-saison-surprise\/","title":{"rendered":"2025-2026\u00a0: Une saison-surprise\u00a0?"},"content":{"rendered":"\n<p><a href=\"https:\/\/ars-musica.ovh\/index.php\/2024\/08\/29\/une-nouvelle-page-secrit-pour-ars-musica\/\" data-type=\"post\" data-id=\"2045\">Guillaume Paire<\/a> ayant \u00e9t\u00e9 reconduit dans sa fonction de chef de ch\u0153ur et d\u2019artiste associ\u00e9 \u00e0 l\u2019action culturelle de l\u2019Op\u00e9ra national de Nancy-Lorraine, sa pr\u00e9sence \u00e0 la t\u00eate d\u2019Ars Musica s\u2019en trouve heureusement p\u00e9rennis\u00e9e, pour le plus grand bonheur des quelque 25 choristes embarqu\u00e9s pour une nouvelle saison musicale plac\u00e9e sous le signe de la \u00ab\u00a0surprise\u00a0\u00bb \u2026<\/p>\n\n\n\n<p>Les activit\u00e9s ont repris depuis le 17 septembre, un&nbsp;\u00ab tour de chauffe&nbsp;\u00bb ponctu\u00e9 le 18 octobre dernier par une r\u00e9p\u00e9tition pupitre par pupitre destin\u00e9e \u00e0 peaufiner les voix afin de rendre chaque choriste responsable de sa production vocale, condition sine qua non, selon Guillaume, de la qualit\u00e9 et de l\u2019homog\u00e9n\u00e9it\u00e9 de l\u2019ensemble.<\/p>\n\n\n\n<p>Ce travail pr\u00e9paratoire s\u2019av\u00e8re d\u2019autant plus indispensable que la premi\u00e8re \u0153uvre mise au programme est une messe \u00e0 8 voix de Josef Rheinberger, un compositeur et p\u00e9dagogue allemand un peu oubli\u00e9, mais fort c\u00e9l\u00e8bre en son temps puisqu\u2019il \u00e9tait ma\u00eetre de chapelle \u00e0 la cour du roi Louis II de Bavi\u00e8re (le m\u00e9c\u00e8ne de Richard Wagner et le commanditaire du fameux ch\u00e2teau de Neuschwanstein). Couvert d\u2019honneurs \u00e0 l\u2019\u00e9poque, Rheinberger a jou\u00e9 un r\u00f4le essentiel dans la musique d\u2019\u00e9glise catholique en Allemagne et sa Messe en Mi b\u00e9mol majeur (dat\u00e9e de 1878) \u00e9crite pour double ch\u0153ur t\u00e9moigne de cet agr\u00e9able style \u00ab&nbsp;classico-romantique&nbsp;\u00bb qui caract\u00e9rise la deuxi\u00e8me moiti\u00e9 du XIX\u00e8me si\u00e8cle.<\/p>\n\n\n\n<figure class=\"wp-block-embed is-type-video is-provider-youtube wp-block-embed-youtube wp-embed-aspect-16-9 wp-has-aspect-ratio\"><div class=\"wp-block-embed__wrapper\">\n<iframe loading=\"lazy\" title=\"VOCES8: Kyrie from &#039;Mass in E flat&#039; by Josef Rheinberger\" width=\"640\" height=\"360\" src=\"https:\/\/www.youtube.com\/embed\/TSStTxoDbko?feature=oembed\" frameborder=\"0\" allow=\"accelerometer; autoplay; clipboard-write; encrypted-media; gyroscope; picture-in-picture; web-share\" referrerpolicy=\"strict-origin-when-cross-origin\" allowfullscreen><\/iframe>\n<\/div><\/figure>\n\n\n\n<p>Autant dire que l\u2019interpr\u00e9tation de cette \u0153uvre ambitieuse et s\u00e9duisante implique la mobilisation et l\u2019engagement de chaque choriste. Depuis la saison pass\u00e9e, de nouvelles voix sont venues rajeunir et nourrir les pupitres f\u00e9minins et, dans une moindre mesure, les pupitres masculins qui auraient donc besoin encore de quelques renforts. Appel est lanc\u00e9&nbsp;!<\/p>\n\n\n\n<p>D\u2019autres pi\u00e8ces vocales viendront compl\u00e9ter ce programme qui r\u00e9servera quelques surprises et qui pourrait bien d\u00e9boucher sur un concert organis\u00e9 en collaboration avec un groupe de chanteurs professionnels\u2026 mais il serait pr\u00e9matur\u00e9 de d\u00e9florer d\u00e8s \u00e0 pr\u00e9sent ce projet original&nbsp;!<\/p>\n\n\n\n<p>P.C.<\/p>\n","protected":false},"excerpt":{"rendered":"<p>Guillaume Paire ayant \u00e9t\u00e9 reconduit dans sa fonction de chef de ch\u0153ur et d\u2019artiste associ\u00e9 \u00e0 l\u2019action culturelle de l\u2019Op\u00e9ra national de Nancy-Lorraine, sa pr\u00e9sence \u00e0 la t\u00eate d\u2019Ars Musica s\u2019en trouve heureusement p\u00e9rennis\u00e9e, pour le plus grand bonheur des &hellip; <a href=\"https:\/\/ars-musica.ovh\/index.php\/2025\/10\/28\/2025-2026-une-saison-surprise\/\">Continuer la lecture <span class=\"meta-nav\">&rarr;<\/span><\/a><\/p>\n","protected":false},"author":1,"featured_media":0,"comment_status":"closed","ping_status":"open","sticky":false,"template":"","format":"standard","meta":{"footnotes":""},"categories":[1],"tags":[],"class_list":["post-2267","post","type-post","status-publish","format-standard","hentry","category-non-classe"],"_links":{"self":[{"href":"https:\/\/ars-musica.ovh\/index.php\/wp-json\/wp\/v2\/posts\/2267","targetHints":{"allow":["GET"]}}],"collection":[{"href":"https:\/\/ars-musica.ovh\/index.php\/wp-json\/wp\/v2\/posts"}],"about":[{"href":"https:\/\/ars-musica.ovh\/index.php\/wp-json\/wp\/v2\/types\/post"}],"author":[{"embeddable":true,"href":"https:\/\/ars-musica.ovh\/index.php\/wp-json\/wp\/v2\/users\/1"}],"replies":[{"embeddable":true,"href":"https:\/\/ars-musica.ovh\/index.php\/wp-json\/wp\/v2\/comments?post=2267"}],"version-history":[{"count":4,"href":"https:\/\/ars-musica.ovh\/index.php\/wp-json\/wp\/v2\/posts\/2267\/revisions"}],"predecessor-version":[{"id":2292,"href":"https:\/\/ars-musica.ovh\/index.php\/wp-json\/wp\/v2\/posts\/2267\/revisions\/2292"}],"wp:attachment":[{"href":"https:\/\/ars-musica.ovh\/index.php\/wp-json\/wp\/v2\/media?parent=2267"}],"wp:term":[{"taxonomy":"category","embeddable":true,"href":"https:\/\/ars-musica.ovh\/index.php\/wp-json\/wp\/v2\/categories?post=2267"},{"taxonomy":"post_tag","embeddable":true,"href":"https:\/\/ars-musica.ovh\/index.php\/wp-json\/wp\/v2\/tags?post=2267"}],"curies":[{"name":"wp","href":"https:\/\/api.w.org\/{rel}","templated":true}]}}