{"id":2696,"date":"2026-04-28T17:05:52","date_gmt":"2026-04-28T15:05:52","guid":{"rendered":"https:\/\/ars-musica.ovh\/?p=2696"},"modified":"2026-04-28T19:58:17","modified_gmt":"2026-04-28T17:58:17","slug":"ars-musica-sur-rcf-lorraine-nancy-93-7-2","status":"publish","type":"post","link":"https:\/\/ars-musica.ovh\/index.php\/2026\/04\/28\/ars-musica-sur-rcf-lorraine-nancy-93-7-2\/","title":{"rendered":"Ars Musica sur RCF Lorraine-Nancy 93.7"},"content":{"rendered":"\n<p><strong>M<\/strong>ardi 28 avril, dans l\u2019\u00e9mission \u00ab Lorraine, terre de ch\u0153urs \u00bb diffus\u00e9e sur RCF\u00a0et anim\u00e9e par Madeleine Griffaton, Guillaume Paire, chef de l\u2019Ensemble Vocal, apr\u00e8s une rapide pr\u00e9sentation d\u2019Ars Musica, expose sa conception du chant choral et du r\u00f4le du chef de ch\u0153ur tout en explicitant la programmation de la saison 2025\/2026.\u00a0Il aborde notamment les raisons du choix de la Messe de Rheinberger ainsi que des pi\u00e8ces fantaisistes qui, en collaboration avec la troupe des Vari\u00e9t\u00e9s Lyriques, alimentent la seconde partie de notre concert intitul\u00e9 <strong>\u00ab <\/strong><a href=\"https:\/\/ars-musica.ovh\/index.php\/2026\/03\/29\/concert-2026\/\" target=\"_blank\" rel=\"noreferrer noopener\"><strong>Vent(s) de folie<\/strong><\/a><strong>\u00a0\u00bb<\/strong>\u00a0qui sera donn\u00e9 le vendredi 8 mai \u00e0 Chantraine \u00e0 16 h\u00a0en l\u2019\u00e9glise Saint-Pierre-Fourier ainsi que le samedi 9 mai \u00e0 20h30\u00a0dans les Grands Salons de l\u2019H\u00f4tel de Ville de Nancy.<br>Retrouvez le podcast de l\u2019\u00e9mission ci-dessous :<\/p>\n\n\n<p><iframe allowfullscreen width=100% height=140px src=\"https:\/\/www.rcf.fr\/culture\/lorraine-terre-de-choeurs\/embed?episodeId=680942\"><\/iframe><\/p>\n\n\n\n<p><\/p>\n","protected":false},"excerpt":{"rendered":"<p>Mardi 28 avril, dans l\u2019\u00e9mission \u00ab Lorraine, terre de ch\u0153urs \u00bb diffus\u00e9e sur RCF\u00a0et anim\u00e9e par Madeleine Griffaton, Guillaume Paire, chef de l\u2019Ensemble Vocal, apr\u00e8s une rapide pr\u00e9sentation d\u2019Ars Musica, expose sa conception du chant choral et du r\u00f4le du &hellip; <a href=\"https:\/\/ars-musica.ovh\/index.php\/2026\/04\/28\/ars-musica-sur-rcf-lorraine-nancy-93-7-2\/\">Continuer la lecture <span class=\"meta-nav\">&rarr;<\/span><\/a><\/p>\n","protected":false},"author":1,"featured_media":0,"comment_status":"closed","ping_status":"closed","sticky":false,"template":"","format":"standard","meta":{"footnotes":""},"categories":[1],"tags":[],"class_list":["post-2696","post","type-post","status-publish","format-standard","hentry","category-non-classe"],"_links":{"self":[{"href":"https:\/\/ars-musica.ovh\/index.php\/wp-json\/wp\/v2\/posts\/2696","targetHints":{"allow":["GET"]}}],"collection":[{"href":"https:\/\/ars-musica.ovh\/index.php\/wp-json\/wp\/v2\/posts"}],"about":[{"href":"https:\/\/ars-musica.ovh\/index.php\/wp-json\/wp\/v2\/types\/post"}],"author":[{"embeddable":true,"href":"https:\/\/ars-musica.ovh\/index.php\/wp-json\/wp\/v2\/users\/1"}],"replies":[{"embeddable":true,"href":"https:\/\/ars-musica.ovh\/index.php\/wp-json\/wp\/v2\/comments?post=2696"}],"version-history":[{"count":7,"href":"https:\/\/ars-musica.ovh\/index.php\/wp-json\/wp\/v2\/posts\/2696\/revisions"}],"predecessor-version":[{"id":2703,"href":"https:\/\/ars-musica.ovh\/index.php\/wp-json\/wp\/v2\/posts\/2696\/revisions\/2703"}],"wp:attachment":[{"href":"https:\/\/ars-musica.ovh\/index.php\/wp-json\/wp\/v2\/media?parent=2696"}],"wp:term":[{"taxonomy":"category","embeddable":true,"href":"https:\/\/ars-musica.ovh\/index.php\/wp-json\/wp\/v2\/categories?post=2696"},{"taxonomy":"post_tag","embeddable":true,"href":"https:\/\/ars-musica.ovh\/index.php\/wp-json\/wp\/v2\/tags?post=2696"}],"curies":[{"name":"wp","href":"https:\/\/api.w.org\/{rel}","templated":true}]}}